{"id":10638,"date":"2025-01-10T12:49:25","date_gmt":"2025-01-10T10:49:25","guid":{"rendered":"https:\/\/www.v-line.com\/?p=10638"},"modified":"2025-01-10T12:50:37","modified_gmt":"2025-01-10T10:50:37","slug":"v-line-group-erweitert-executive-team-mit-neuem-coo-von-v-line-usa","status":"publish","type":"post","link":"https:\/\/www.v-line.com\/de\/2025\/01\/10\/v-line-group-erweitert-executive-team-mit-neuem-coo-von-v-line-usa\/","title":{"rendered":"V-LINE GROUP erweitert Executive Team mit neuem COO von V-LINE USA"},"content":{"rendered":"[vc_row type=&#8220;in_container&#8220; full_screen_row_position=&#8220;middle&#8220; column_margin=&#8220;default&#8220; column_direction=&#8220;default&#8220; column_direction_tablet=&#8220;default&#8220; column_direction_phone=&#8220;default&#8220; scene_position=&#8220;center&#8220; text_color=&#8220;dark&#8220; text_align=&#8220;left&#8220; row_border_radius=&#8220;none&#8220; row_border_radius_applies=&#8220;bg&#8220; overflow=&#8220;visible&#8220; overlay_strength=&#8220;0.3&#8243; gradient_direction=&#8220;left_to_right&#8220; shape_divider_position=&#8220;bottom&#8220; bg_image_animation=&#8220;none&#8220;][vc_column column_padding=&#8220;no-extra-padding&#8220; column_padding_tablet=&#8220;inherit&#8220; column_padding_phone=&#8220;inherit&#8220; column_padding_position=&#8220;all&#8220; column_element_direction_desktop=&#8220;default&#8220; column_element_spacing=&#8220;default&#8220; desktop_text_alignment=&#8220;default&#8220; tablet_text_alignment=&#8220;default&#8220; phone_text_alignment=&#8220;default&#8220; background_color_opacity=&#8220;1&#8243; background_hover_color_opacity=&#8220;1&#8243; column_backdrop_filter=&#8220;none&#8220; column_shadow=&#8220;none&#8220; column_border_radius=&#8220;none&#8220; column_link_target=&#8220;_self&#8220; column_position=&#8220;default&#8220; gradient_direction=&#8220;left_to_right&#8220; overlay_strength=&#8220;0.3&#8243; width=&#8220;1\/1&#8243; tablet_width_inherit=&#8220;default&#8220; animation_type=&#8220;default&#8220; bg_image_animation=&#8220;none&#8220; border_type=&#8220;simple&#8220; column_border_width=&#8220;none&#8220; column_border_style=&#8220;solid&#8220;][image_with_animation image_url=&#8220;10635&#8243; image_size=&#8220;full&#8220; animation_type=&#8220;entrance&#8220; animation=&#8220;None&#8220; animation_movement_type=&#8220;transform_y&#8220; hover_animation=&#8220;none&#8220; alignment=&#8220;&#8220; border_radius=&#8220;none&#8220; box_shadow=&#8220;none&#8220; image_loading=&#8220;default&#8220; max_width=&#8220;100%&#8220; max_width_mobile=&#8220;default&#8220;][divider line_type=&#8220;No Line&#8220;][vc_column_text]\n<h3>Natheer Al-Malalla wurde zum neuen COO von V-LINE USA ernannt.<\/h3>\n[\/vc_column_text][vc_column_text]Natheer Al-Malalla, ehemals Sales Manager bei V-LINE USA, hat mit sofortiger Wirkung die Position des Chief Operating Officer (COO) von V-LINE USA \u00fcbernommen.<\/p>\n<p>Al-Malalla, der seit 2012 f\u00fcr die V-LINE GROUP t\u00e4tig ist, verf\u00fcgt \u00fcber mehr als ein Jahrzehnt Erfahrung und ein tiefes Verst\u00e4ndnis f\u00fcr die Abl\u00e4ufe bei V-LINE. Damit ist er bestens ger\u00fcstet, um in seiner neuen Rolle die operativen Prozesse in den USA zu leiten. Natheer Al-Malalla sagt zu seiner neuen Position: \u201eIch freue mich darauf, zum Wachstum des operativen Bereichs von V-LINE USA f\u00fcr die gesamte Gruppe beizutragen. Durch die Optimierung von Prozessen zur Steigerung der Effizienz werden wir uns an der laufenden Transformation orientieren und unsere Ziele erreichen.\u201c<\/p>\n<p>Peter Knakowski, Managing Director | CEO V-LINE USA, erkl\u00e4rt: \u201eIch bin zuversichtlich, dass Natheer seine neuen Aufgaben hervorragend bew\u00e4ltigen wird. Sein umfassendes Wissen \u00fcber unsere Prozesse und sein Engagement f\u00fcr das Unternehmen machen ihn zum idealen Kandidaten f\u00fcr diese Position.\u201c<\/p>\n<p>Auch Tilman Mieseler, CEO der V-LINE GROUP, gratuliert: \u201eIch freue mich, dass wir diese Schl\u00fcsselposition intern besetzen konnten und damit die St\u00e4rke unseres Teams unter Beweis stellen. Natheer Al-Mallala bringt ein umfangreiches Fachwissen und ein starkes Engagement f\u00fcr unsere Kunden und f\u00fcr die Wertsch\u00f6pfung mit. Ich freue mich darauf, in Zukunft noch enger zusammenzuarbeiten.\u201c<\/p>\n<p>&nbsp;<\/p>\n<p><em>Titelbild: Natheer Al-Malalla, COO V-LINE USA<\/em>[\/vc_column_text][\/vc_column][\/vc_row]\n","protected":false},"excerpt":{"rendered":"<p>[vc_row type=&#8220;in_container&#8220; full_screen_row_position=&#8220;middle&#8220; column_margin=&#8220;default&#8220; column_direction=&#8220;default&#8220; column_direction_tablet=&#8220;default&#8220; column_direction_phone=&#8220;default&#8220; scene_position=&#8220;center&#8220; text_color=&#8220;dark&#8220; text_align=&#8220;left&#8220; row_border_radius=&#8220;none&#8220; row_border_radius_applies=&#8220;bg&#8220; overflow=&#8220;visible&#8220; overlay_strength=&#8220;0.3&#8243; gradient_direction=&#8220;left_to_right&#8220;&#8230;<\/p>\n","protected":false},"author":3,"featured_media":10636,"comment_status":"closed","ping_status":"closed","sticky":false,"template":"","format":"standard","meta":{"footnotes":""},"categories":[28,39],"tags":[],"class_list":{"0":"post-10638","1":"post","2":"type-post","3":"status-publish","4":"format-standard","5":"has-post-thumbnail","7":"category-news","8":"category-historie"},"_links":{"self":[{"href":"https:\/\/www.v-line.com\/de\/wp-json\/wp\/v2\/posts\/10638","targetHints":{"allow":["GET"]}}],"collection":[{"href":"https:\/\/www.v-line.com\/de\/wp-json\/wp\/v2\/posts"}],"about":[{"href":"https:\/\/www.v-line.com\/de\/wp-json\/wp\/v2\/types\/post"}],"author":[{"embeddable":true,"href":"https:\/\/www.v-line.com\/de\/wp-json\/wp\/v2\/users\/3"}],"replies":[{"embeddable":true,"href":"https:\/\/www.v-line.com\/de\/wp-json\/wp\/v2\/comments?post=10638"}],"version-history":[{"count":3,"href":"https:\/\/www.v-line.com\/de\/wp-json\/wp\/v2\/posts\/10638\/revisions"}],"predecessor-version":[{"id":10641,"href":"https:\/\/www.v-line.com\/de\/wp-json\/wp\/v2\/posts\/10638\/revisions\/10641"}],"wp:featuredmedia":[{"embeddable":true,"href":"https:\/\/www.v-line.com\/de\/wp-json\/wp\/v2\/media\/10636"}],"wp:attachment":[{"href":"https:\/\/www.v-line.com\/de\/wp-json\/wp\/v2\/media?parent=10638"}],"wp:term":[{"taxonomy":"category","embeddable":true,"href":"https:\/\/www.v-line.com\/de\/wp-json\/wp\/v2\/categories?post=10638"},{"taxonomy":"post_tag","embeddable":true,"href":"https:\/\/www.v-line.com\/de\/wp-json\/wp\/v2\/tags?post=10638"}],"curies":[{"name":"wp","href":"https:\/\/api.w.org\/{rel}","templated":true}]}}