{"id":12071,"date":"2026-03-10T15:52:00","date_gmt":"2026-03-10T13:52:00","guid":{"rendered":"https:\/\/www.v-line.com\/2026\/03\/10\/v-line-group-ernennt-neuen-geschaeftsfuehrer-von-v-line-korea\/"},"modified":"2026-03-10T15:59:48","modified_gmt":"2026-03-10T13:59:48","slug":"v-line-group-ernennt-neuen-geschaeftsfuehrer-von-v-line-korea","status":"publish","type":"post","link":"https:\/\/www.v-line.com\/de\/2026\/03\/10\/v-line-group-ernennt-neuen-geschaeftsfuehrer-von-v-line-korea\/","title":{"rendered":"V-LINE GROUP ernennt neuen Gesch\u00e4ftsf\u00fchrer von V-LINE KOREA"},"content":{"rendered":"[vc_row type=&#8220;in_container&#8220; full_screen_row_position=&#8220;middle&#8220; column_margin=&#8220;default&#8220; column_direction=&#8220;default&#8220; column_direction_tablet=&#8220;default&#8220; column_direction_phone=&#8220;default&#8220; scene_position=&#8220;center&#8220; text_color=&#8220;dark&#8220; text_align=&#8220;left&#8220; row_border_radius=&#8220;none&#8220; row_border_radius_applies=&#8220;bg&#8220; overflow=&#8220;visible&#8220; overlay_strength=&#8220;0.3&#8243; gradient_direction=&#8220;left_to_right&#8220; shape_divider_position=&#8220;bottom&#8220; bg_image_animation=&#8220;none&#8220;][vc_column column_padding=&#8220;no-extra-padding&#8220; column_padding_tablet=&#8220;inherit&#8220; column_padding_phone=&#8220;inherit&#8220; column_padding_position=&#8220;all&#8220; column_element_direction_desktop=&#8220;default&#8220; column_element_spacing=&#8220;default&#8220; desktop_text_alignment=&#8220;default&#8220; tablet_text_alignment=&#8220;default&#8220; phone_text_alignment=&#8220;default&#8220; background_color_opacity=&#8220;1&#8243; background_hover_color_opacity=&#8220;1&#8243; column_backdrop_filter=&#8220;none&#8220; column_shadow=&#8220;none&#8220; column_border_radius=&#8220;none&#8220; column_link_target=&#8220;_self&#8220; column_position=&#8220;default&#8220; gradient_direction=&#8220;left_to_right&#8220; overlay_strength=&#8220;0.3&#8243; width=&#8220;1\/1&#8243; tablet_width_inherit=&#8220;default&#8220; animation_type=&#8220;default&#8220; bg_image_animation=&#8220;none&#8220; border_type=&#8220;simple&#8220; column_border_width=&#8220;none&#8220; column_border_style=&#8220;solid&#8220;][image_with_animation image_url=&#8220;12068&#8243; image_size=&#8220;full&#8220; animation_type=&#8220;entrance&#8220; animation=&#8220;None&#8220; animation_movement_type=&#8220;transform_y&#8220; hover_animation=&#8220;none&#8220; alignment=&#8220;&#8220; border_radius=&#8220;none&#8220; box_shadow=&#8220;none&#8220; image_loading=&#8220;default&#8220; max_width=&#8220;100%&#8220; max_width_mobile=&#8220;default&#8220;][divider line_type=&#8220;No Line&#8220;][vc_column_text]\n<h3>Herr Il-sung Park zum Gesch\u00e4ftsf\u00fchrer von V-LINE KOREA ernannt<\/h3>\n[\/vc_column_text][vc_column_text]Die V-LINE GROUP gibt die Ernennung von Herrn Il-sung Park zum Gesch\u00e4ftsf\u00fchrer von V-LINE KOREA mit Wirkung zum 10. Februar 2026 bekannt.<\/p>\n<p>Park verf\u00fcgt \u00fcber umfangreiche F\u00fchrungserfahrung im Bereich Beschaffung und Lieferkettenmanagement. Bevor er zu V-LINE kam, hatte er leitende Positionen bei Samsung C&amp;T und Siemens Energy in Korea inne, wo er komplexe Projekte umsetzte und die operative Leistung st\u00e4rkte. Er ist zertifizierter Experte f\u00fcr Lieferkettenmanagement.<\/p>\n<p>In seiner neuen Funktion wird Il-sung Park die Gesamtverantwortung f\u00fcr die Leitung und Entwicklung von V-LINE KOREA \u00fcbernehmen. Der koreanische Markt ist ein wichtiger Pfeiler innerhalb des globalen Lieferantennetzwerks der V-LINE GROUP und unterst\u00fctzt internationale Kundenprojekte weltweit.<\/p>\n<p>Hasnain Jamil, CEO von V-LINE MIDDLE EAST, kommentierte: \u201eMit der Ernennung von Herrn Park machen wir den n\u00e4chsten Schritt zur St\u00e4rkung unserer Pr\u00e4senz im Bereich Sourcing in Korea. Seine F\u00fchrungsqualit\u00e4ten werden dazu beitragen, die Beziehungen zu Lieferanten zu vertiefen, die Umsetzungskapazit\u00e4ten zu verbessern und V-LINE KOREA weiter in unsere globale Projektlandschaft zu integrieren. Dies wird unsere Kunden durch erh\u00f6hte Zuverl\u00e4ssigkeit, Transparenz und Wettbewerbsf\u00e4higkeit direkt unterst\u00fctzen.\u201c<\/p>\n<p>Im Rahmen seiner Einarbeitung wird Park Saudi-Arabien und Deutschland besuchen, um sich mit den operativen und globalen Teams auszutauschen. J\u00f6rg H\u00f6nemann, CEO der V-LINE GROUP, erkl\u00e4rte: \u201eIch hei\u00dfe Herrn Park herzlich in seiner neuen Position innerhalb der V-LINE GROUP willkommen. Ich bin zuversichtlich, dass er seine Aufgaben hervorragend erf\u00fcllen und die Leistungsf\u00e4higkeit und den Unternehmergeist von V-LINE KOREA weiter st\u00e4rken wird. Ich w\u00fcnsche Herrn Park viel Erfolg in seiner neuen Position und freue mich auf eine enge Zusammenarbeit.\u201c<\/p>\n<p>Diese Ernennung ist ein wichtiger Schritt zur weiteren Verbesserung der globalen Beschaffung und der operativen Exzellenz der V-LINE GROUP.[\/vc_column_text][\/vc_column][\/vc_row]\n","protected":false},"excerpt":{"rendered":"<p>[vc_row type=&#8220;in_container&#8220; full_screen_row_position=&#8220;middle&#8220; column_margin=&#8220;default&#8220; column_direction=&#8220;default&#8220; column_direction_tablet=&#8220;default&#8220; column_direction_phone=&#8220;default&#8220; scene_position=&#8220;center&#8220; text_color=&#8220;dark&#8220; text_align=&#8220;left&#8220; row_border_radius=&#8220;none&#8220; row_border_radius_applies=&#8220;bg&#8220; overflow=&#8220;visible&#8220; overlay_strength=&#8220;0.3&#8243; gradient_direction=&#8220;left_to_right&#8220;&#8230;<\/p>\n","protected":false},"author":3,"featured_media":12070,"comment_status":"closed","ping_status":"closed","sticky":false,"template":"","format":"standard","meta":{"footnotes":""},"categories":[39,28],"tags":[],"class_list":{"0":"post-12071","1":"post","2":"type-post","3":"status-publish","4":"format-standard","5":"has-post-thumbnail","7":"category-historie","8":"category-news"},"_links":{"self":[{"href":"https:\/\/www.v-line.com\/de\/wp-json\/wp\/v2\/posts\/12071","targetHints":{"allow":["GET"]}}],"collection":[{"href":"https:\/\/www.v-line.com\/de\/wp-json\/wp\/v2\/posts"}],"about":[{"href":"https:\/\/www.v-line.com\/de\/wp-json\/wp\/v2\/types\/post"}],"author":[{"embeddable":true,"href":"https:\/\/www.v-line.com\/de\/wp-json\/wp\/v2\/users\/3"}],"replies":[{"embeddable":true,"href":"https:\/\/www.v-line.com\/de\/wp-json\/wp\/v2\/comments?post=12071"}],"version-history":[{"count":2,"href":"https:\/\/www.v-line.com\/de\/wp-json\/wp\/v2\/posts\/12071\/revisions"}],"predecessor-version":[{"id":12073,"href":"https:\/\/www.v-line.com\/de\/wp-json\/wp\/v2\/posts\/12071\/revisions\/12073"}],"wp:featuredmedia":[{"embeddable":true,"href":"https:\/\/www.v-line.com\/de\/wp-json\/wp\/v2\/media\/12070"}],"wp:attachment":[{"href":"https:\/\/www.v-line.com\/de\/wp-json\/wp\/v2\/media?parent=12071"}],"wp:term":[{"taxonomy":"category","embeddable":true,"href":"https:\/\/www.v-line.com\/de\/wp-json\/wp\/v2\/categories?post=12071"},{"taxonomy":"post_tag","embeddable":true,"href":"https:\/\/www.v-line.com\/de\/wp-json\/wp\/v2\/tags?post=12071"}],"curies":[{"name":"wp","href":"https:\/\/api.w.org\/{rel}","templated":true}]}}