{"id":3248,"date":"2021-09-29T10:34:35","date_gmt":"2021-09-29T08:34:35","guid":{"rendered":"https:\/\/umzug.v-line.com\/2021\/09\/29\/its-showtime-v-line-europe-praesentierte-sich-als-lokaler-arbeitgeber-auf-der-zukunftsbuehne-sehnde\/"},"modified":"2022-09-22T12:36:46","modified_gmt":"2022-09-22T10:36:46","slug":"its-showtime-v-line-europe-praesentierte-sich-als-lokaler-arbeitgeber-auf-der-zukunftsbuehne-sehnde","status":"publish","type":"post","link":"https:\/\/www.v-line.com\/de\/2021\/09\/29\/its-showtime-v-line-europe-praesentierte-sich-als-lokaler-arbeitgeber-auf-der-zukunftsbuehne-sehnde\/","title":{"rendered":"It\u2019s showtime: V-LINE EUROPE pr\u00e4sentierte sich als lokaler Arbeitgeber auf der &#8222;Zukunftsb\u00fchne Sehnde&#8220;"},"content":{"rendered":"[vc_row type=&#8220;in_container&#8220; full_screen_row_position=&#8220;middle&#8220; column_margin=&#8220;default&#8220; column_direction=&#8220;default&#8220; column_direction_tablet=&#8220;default&#8220; column_direction_phone=&#8220;default&#8220; scene_position=&#8220;center&#8220; text_color=&#8220;dark&#8220; text_align=&#8220;left&#8220; row_border_radius=&#8220;none&#8220; row_border_radius_applies=&#8220;bg&#8220; overflow=&#8220;visible&#8220; overlay_strength=&#8220;0.3&#8243; gradient_direction=&#8220;left_to_right&#8220; shape_divider_position=&#8220;bottom&#8220; bg_image_animation=&#8220;none&#8220;][vc_column column_padding=&#8220;no-extra-padding&#8220; column_padding_tablet=&#8220;inherit&#8220; column_padding_phone=&#8220;inherit&#8220; column_padding_position=&#8220;all&#8220; column_element_direction_desktop=&#8220;default&#8220; column_element_spacing=&#8220;default&#8220; desktop_text_alignment=&#8220;default&#8220; tablet_text_alignment=&#8220;default&#8220; phone_text_alignment=&#8220;default&#8220; background_color_opacity=&#8220;1&#8243; background_hover_color_opacity=&#8220;1&#8243; column_backdrop_filter=&#8220;none&#8220; column_shadow=&#8220;none&#8220; column_border_radius=&#8220;none&#8220; column_link_target=&#8220;_self&#8220; column_position=&#8220;default&#8220; gradient_direction=&#8220;left_to_right&#8220; overlay_strength=&#8220;0.3&#8243; width=&#8220;1\/1&#8243; tablet_width_inherit=&#8220;default&#8220; animation_type=&#8220;default&#8220; bg_image_animation=&#8220;none&#8220; border_type=&#8220;simple&#8220; column_border_width=&#8220;none&#8220; column_border_style=&#8220;solid&#8220;][image_with_animation image_url=&#8220;2774&#8243; image_size=&#8220;full&#8220; animation_type=&#8220;entrance&#8220; animation=&#8220;None&#8220; animation_movement_type=&#8220;transform_y&#8220; hover_animation=&#8220;none&#8220; alignment=&#8220;&#8220; border_radius=&#8220;none&#8220; box_shadow=&#8220;none&#8220; image_loading=&#8220;default&#8220; max_width=&#8220;100%&#8220; max_width_mobile=&#8220;default&#8220;][divider line_type=&#8220;No Line&#8220; custom_height=&#8220;25&#8243;][vc_column_text]\n<h4>Eine B\u00fchne, f\u00fcnf Unternehmen, 15 Minuten: Das war der Rahmen der \u00f6ffentlichen Veranstaltung &#8222;Zukunftsb\u00fchne Sehnde&#8220;, bei der V-LINE EUROPE sich einem lokalen, aber breitgef\u00e4cherten Publikum pr\u00e4sentierte.<\/h4>\n[\/vc_column_text][vc_column_text]\n<div class=\"news-text-wrap m-t-2\">\n<p>Obwohl Sehnde ein breites und attraktives Angebot an Ausbildungspl\u00e4tzen und dualen Studieng\u00e4ngen bietet, ist vielen potenziellen Bewerber*innen die gro\u00dfe Vielfalt der Sehnder Unternehmenslandschaft gar nicht bewusst. Deshalb hat die Stadt Sehnde in Zusammenarbeit mit Ausbildung im Verbund pro regio e. V. V-LINE EUROPE und vier weiteren Unternehmen die Zukunftsb\u00fchne als Plattform geboten, um dem entgegenzuwirken.<\/p>\n<p>V-LINE EUROPE ist keineswegs ein neues Unternehmen in Sehnde: Der jetzige Standort wird bereits seit 1984 von V-LINE genutzt. Dennoch ist das Unternehmen vielen in Sehnde unbekannt. Um den Bekanntheitsgrad zu erh\u00f6hen, sich als lokalen Arbeitgeber zu pr\u00e4sentieren und f\u00fcr Karrierem\u00f6glichkeiten zu werben, nutzte V-LINE EUROPE die Chance, sich und alle Joboptionen &#8211; von der Ausbildung bis zur Fachkraft &#8211; im Rahmen der Veranstaltung vorzustellen. Arne Hartmann, Director of Global HR, Niklas Rosocha, Teamleiter Logistik, und Rieke Bonde, Auszubildende, vertraten V-LINE am Dienstagabend auf der Zukunftsb\u00fchne Sehnde.<\/p>\n<p>&#8222;Als mittelst\u00e4ndisches Unternehmen im Sehnder Industriegebiet war es eine tolle Gelegenheit, uns dem lokalen Publikum zu pr\u00e4sentieren&#8220;, sagt Arne Hartman. &#8222;Die gr\u00f6\u00dfte Herausforderung des Abends war es, unser Unternehmen als lokalen Arbeitgeber und unser komplexes Gesch\u00e4ftsmodell in nur 15 Minuten einem gemischten Publikum zu pr\u00e4sentieren.&#8220; Niklas Rosocha, der in seinen mehr als 6 Jahren bei V-LINE den Aufstieg vom Auszubildenden zum Teamleiter geschafft hat, erkl\u00e4rt: &#8222;Ich finde es sehr wichtig, bei solchen Veranstaltungen den Stellenwert einer guten Ausbildung zu betonen und sch\u00e4tze daher den pers\u00f6nlichen Kontakt mit potenziellen Bewerber*innen.&#8220;<\/p>\n<p>Nach den Pr\u00e4sentationen endete die Veranstaltung mit kleinen St\u00e4nden der teilnehmenden Unternehmen. &#8222;F\u00fcr uns war dieser Abend ein voller Erfolg. Es war zudem sch\u00f6n, nach mehr als einem Jahr digitaler Veranstaltungen wieder an einem solchen Event teilzunehmen&#8220;, res\u00fcmiert Hartmann.<\/p>\n<p><em>Bild (v.l.n.r.):\u00a0 Arne Hartmann, Rieke Bonde und Niklas Rosocha. Alle Personen auf diesem Bild wurden im Vorfeld negativ auf Covid-19 getestet.<\/em><\/p>\n<\/div>\n[\/vc_column_text][\/vc_column][\/vc_row]\n","protected":false},"excerpt":{"rendered":"<p>[vc_row type=&#8220;in_container&#8220; full_screen_row_position=&#8220;middle&#8220; column_margin=&#8220;default&#8220; column_direction=&#8220;default&#8220; column_direction_tablet=&#8220;default&#8220; column_direction_phone=&#8220;default&#8220; scene_position=&#8220;center&#8220; text_color=&#8220;dark&#8220; text_align=&#8220;left&#8220; row_border_radius=&#8220;none&#8220; row_border_radius_applies=&#8220;bg&#8220; overflow=&#8220;visible&#8220; overlay_strength=&#8220;0.3&#8243; gradient_direction=&#8220;left_to_right&#8220;&#8230;<\/p>\n","protected":false},"author":3,"featured_media":2774,"comment_status":"closed","ping_status":"closed","sticky":false,"template":"","format":"standard","meta":{"footnotes":""},"categories":[28],"tags":[],"class_list":{"0":"post-3248","1":"post","2":"type-post","3":"status-publish","4":"format-standard","5":"has-post-thumbnail","7":"category-news"},"_links":{"self":[{"href":"https:\/\/www.v-line.com\/de\/wp-json\/wp\/v2\/posts\/3248","targetHints":{"allow":["GET"]}}],"collection":[{"href":"https:\/\/www.v-line.com\/de\/wp-json\/wp\/v2\/posts"}],"about":[{"href":"https:\/\/www.v-line.com\/de\/wp-json\/wp\/v2\/types\/post"}],"author":[{"embeddable":true,"href":"https:\/\/www.v-line.com\/de\/wp-json\/wp\/v2\/users\/3"}],"replies":[{"embeddable":true,"href":"https:\/\/www.v-line.com\/de\/wp-json\/wp\/v2\/comments?post=3248"}],"version-history":[{"count":0,"href":"https:\/\/www.v-line.com\/de\/wp-json\/wp\/v2\/posts\/3248\/revisions"}],"wp:featuredmedia":[{"embeddable":true,"href":"https:\/\/www.v-line.com\/de\/wp-json\/wp\/v2\/media\/2774"}],"wp:attachment":[{"href":"https:\/\/www.v-line.com\/de\/wp-json\/wp\/v2\/media?parent=3248"}],"wp:term":[{"taxonomy":"category","embeddable":true,"href":"https:\/\/www.v-line.com\/de\/wp-json\/wp\/v2\/categories?post=3248"},{"taxonomy":"post_tag","embeddable":true,"href":"https:\/\/www.v-line.com\/de\/wp-json\/wp\/v2\/tags?post=3248"}],"curies":[{"name":"wp","href":"https:\/\/api.w.org\/{rel}","templated":true}]}}