{"id":3298,"date":"2020-09-11T11:26:00","date_gmt":"2020-09-11T09:26:00","guid":{"rendered":"https:\/\/umzug.v-line.com\/2020\/09\/11\/team-future-week-bei-der-v-line-group-v-liner-engagieren-sich-intern-in-virtuellen-diskussionen-gruppenarbeiten-und-webinaren\/"},"modified":"2022-09-22T13:30:45","modified_gmt":"2022-09-22T11:30:45","slug":"team-future-week-bei-der-v-line-group-v-liner-engagieren-sich-intern-in-virtuellen-diskussionen-gruppenarbeiten-und-webinaren","status":"publish","type":"post","link":"https:\/\/www.v-line.com\/de\/2020\/09\/11\/team-future-week-bei-der-v-line-group-v-liner-engagieren-sich-intern-in-virtuellen-diskussionen-gruppenarbeiten-und-webinaren\/","title":{"rendered":"Team Future Week bei der V-LINE GROUP: V-LINER engagieren sich intern in virtuellen Diskussionen, Gruppenarbeiten und Webinaren"},"content":{"rendered":"[vc_row type=&#8220;in_container&#8220; full_screen_row_position=&#8220;middle&#8220; column_margin=&#8220;default&#8220; column_direction=&#8220;default&#8220; column_direction_tablet=&#8220;default&#8220; column_direction_phone=&#8220;default&#8220; scene_position=&#8220;center&#8220; text_color=&#8220;dark&#8220; text_align=&#8220;left&#8220; row_border_radius=&#8220;none&#8220; row_border_radius_applies=&#8220;bg&#8220; overflow=&#8220;visible&#8220; overlay_strength=&#8220;0.3&#8243; gradient_direction=&#8220;left_to_right&#8220; shape_divider_position=&#8220;bottom&#8220; bg_image_animation=&#8220;none&#8220;][vc_column column_padding=&#8220;no-extra-padding&#8220; column_padding_tablet=&#8220;inherit&#8220; column_padding_phone=&#8220;inherit&#8220; column_padding_position=&#8220;all&#8220; column_element_direction_desktop=&#8220;default&#8220; column_element_spacing=&#8220;default&#8220; desktop_text_alignment=&#8220;default&#8220; tablet_text_alignment=&#8220;default&#8220; phone_text_alignment=&#8220;default&#8220; background_color_opacity=&#8220;1&#8243; background_hover_color_opacity=&#8220;1&#8243; column_backdrop_filter=&#8220;none&#8220; column_shadow=&#8220;none&#8220; column_border_radius=&#8220;none&#8220; column_link_target=&#8220;_self&#8220; column_position=&#8220;default&#8220; gradient_direction=&#8220;left_to_right&#8220; overlay_strength=&#8220;0.3&#8243; width=&#8220;1\/1&#8243; tablet_width_inherit=&#8220;default&#8220; animation_type=&#8220;default&#8220; bg_image_animation=&#8220;none&#8220; border_type=&#8220;simple&#8220; column_border_width=&#8220;none&#8220; column_border_style=&#8220;solid&#8220;][image_with_animation image_url=&#8220;2846&#8243; image_size=&#8220;full&#8220; animation_type=&#8220;entrance&#8220; animation=&#8220;None&#8220; animation_movement_type=&#8220;transform_y&#8220; hover_animation=&#8220;none&#8220; alignment=&#8220;&#8220; border_radius=&#8220;none&#8220; box_shadow=&#8220;none&#8220; image_loading=&#8220;default&#8220; max_width=&#8220;100%&#8220; max_width_mobile=&#8220;default&#8220;][divider line_type=&#8220;No Line&#8220; custom_height=&#8220;25&#8243;][vc_column_text]\n<h4>Eine ganze Woche im Zeichen des Team Future: Das fand letzte Woche bei V-LINE statt. Das interne Programm voller Gruppenarbeiten und Diskussionen, Einblicken und Webinaren, Pr\u00e4sentationen von Projekten und Initiativen bot den V-LINERN auf der ganzen Welt einen bunten Strau\u00df an Themen.<\/h4>\n[\/vc_column_text][vc_column_text]Eine ganze Woche im Zeichen des Team Future: Das fand letzte Woche bei V-LINE statt. Das interne Programm voller Gruppenarbeiten und Diskussionen, Einblicken und Webinaren, Pr\u00e4sentationen von Projekten und Initiativen bot den V-LINERN auf der ganzen Welt einen bunten Strau\u00df an Themen. Das Beste: Alles geschah virtuell! So konnte jeder dabei sein, wenn er oder sie es wollte. Ob sie sich \u00fcber neue Start-up-Kooperationen oder interne Projekte informieren, verschiedene abteilungsinterne Pr\u00e4sentationen besuchen oder neue Themen der Gesch\u00e4ftsentwicklung diskutieren wollten &#8211; alles war m\u00f6glich.<\/p>\n<p>Ein H\u00f6hepunkt war der F\u00fchrungskr\u00e4fte-Workshop mit den <a href=\"\/de\/ueber-uns\/fuehrungskraefte-fuehrungsleitbilder\/\">Teamleitern von V-LINE EUROPE.<\/a> In spielerischen Gruppenarbeiten, Diskussionen und Speedback-Runden wurden die neuen F\u00fchrungsleitbilder f\u00fcr V-LINE vorgestellt, visualisiert und von den Teilnehmern direkt mit Leben gef\u00fcllt.[\/vc_column_text][image_with_animation image_url=&#8220;2843&#8243; image_size=&#8220;full&#8220; animation_type=&#8220;entrance&#8220; animation=&#8220;Fade In&#8220; animation_easing=&#8220;default&#8220; animation_movement_type=&#8220;transform_y&#8220; hover_animation=&#8220;none&#8220; alignment=&#8220;&#8220; border_radius=&#8220;none&#8220; box_shadow=&#8220;none&#8220; image_loading=&#8220;default&#8220; max_width=&#8220;100%&#8220; max_width_mobile=&#8220;default&#8220;][vc_column_text]Die zweite virtuelle Belegschaftsversammlung von V-LINE EUROPE rundete die Team Future Week ab. Das Fazit von Tilman Mieseler, CEO von V-LINE EUROPE: &#8222;Mir gef\u00e4llt die Idee, eine ganze Woche der Zukunft und vor allem unseren Mitarbeitern, dem Team Future, zu widmen. Mit diesem Team werden wir unseren Weg durch die digitale Transformation erfolgreich bew\u00e4ltigen. Vielen Dank f\u00fcr Ihr Engagement! \u201d[\/vc_column_text][\/vc_column][\/vc_row]\n","protected":false},"excerpt":{"rendered":"<p>[vc_row type=&#8220;in_container&#8220; full_screen_row_position=&#8220;middle&#8220; column_margin=&#8220;default&#8220; column_direction=&#8220;default&#8220; column_direction_tablet=&#8220;default&#8220; column_direction_phone=&#8220;default&#8220; scene_position=&#8220;center&#8220; text_color=&#8220;dark&#8220; text_align=&#8220;left&#8220; row_border_radius=&#8220;none&#8220; row_border_radius_applies=&#8220;bg&#8220; overflow=&#8220;visible&#8220; overlay_strength=&#8220;0.3&#8243; gradient_direction=&#8220;left_to_right&#8220;&#8230;<\/p>\n","protected":false},"author":3,"featured_media":2846,"comment_status":"closed","ping_status":"closed","sticky":false,"template":"","format":"standard","meta":{"footnotes":""},"categories":[28,39],"tags":[],"class_list":{"0":"post-3298","1":"post","2":"type-post","3":"status-publish","4":"format-standard","5":"has-post-thumbnail","7":"category-news","8":"category-historie"},"_links":{"self":[{"href":"https:\/\/www.v-line.com\/de\/wp-json\/wp\/v2\/posts\/3298","targetHints":{"allow":["GET"]}}],"collection":[{"href":"https:\/\/www.v-line.com\/de\/wp-json\/wp\/v2\/posts"}],"about":[{"href":"https:\/\/www.v-line.com\/de\/wp-json\/wp\/v2\/types\/post"}],"author":[{"embeddable":true,"href":"https:\/\/www.v-line.com\/de\/wp-json\/wp\/v2\/users\/3"}],"replies":[{"embeddable":true,"href":"https:\/\/www.v-line.com\/de\/wp-json\/wp\/v2\/comments?post=3298"}],"version-history":[{"count":0,"href":"https:\/\/www.v-line.com\/de\/wp-json\/wp\/v2\/posts\/3298\/revisions"}],"wp:featuredmedia":[{"embeddable":true,"href":"https:\/\/www.v-line.com\/de\/wp-json\/wp\/v2\/media\/2846"}],"wp:attachment":[{"href":"https:\/\/www.v-line.com\/de\/wp-json\/wp\/v2\/media?parent=3298"}],"wp:term":[{"taxonomy":"category","embeddable":true,"href":"https:\/\/www.v-line.com\/de\/wp-json\/wp\/v2\/categories?post=3298"},{"taxonomy":"post_tag","embeddable":true,"href":"https:\/\/www.v-line.com\/de\/wp-json\/wp\/v2\/tags?post=3298"}],"curies":[{"name":"wp","href":"https:\/\/api.w.org\/{rel}","templated":true}]}}