{"id":3301,"date":"2020-07-07T11:27:28","date_gmt":"2020-07-07T09:27:28","guid":{"rendered":"https:\/\/umzug.v-line.com\/2020\/07\/07\/willkommen-im-neu-umgebauten-zweiten-obergeschoss-im-hq-in-sehnde\/"},"modified":"2022-09-20T15:16:18","modified_gmt":"2022-09-20T13:16:18","slug":"willkommen-im-neu-umgebauten-zweiten-obergeschoss-im-hq-in-sehnde","status":"publish","type":"post","link":"https:\/\/www.v-line.com\/de\/2020\/07\/07\/willkommen-im-neu-umgebauten-zweiten-obergeschoss-im-hq-in-sehnde\/","title":{"rendered":"Willkommen im neu umgebauten zweiten Obergeschoss im HQ in Sehnde!"},"content":{"rendered":"[vc_row type=&#8220;in_container&#8220; full_screen_row_position=&#8220;middle&#8220; column_margin=&#8220;default&#8220; column_direction=&#8220;default&#8220; column_direction_tablet=&#8220;default&#8220; column_direction_phone=&#8220;default&#8220; scene_position=&#8220;center&#8220; text_color=&#8220;dark&#8220; text_align=&#8220;left&#8220; row_border_radius=&#8220;none&#8220; row_border_radius_applies=&#8220;bg&#8220; overflow=&#8220;visible&#8220; overlay_strength=&#8220;0.3&#8243; gradient_direction=&#8220;left_to_right&#8220; shape_divider_position=&#8220;bottom&#8220; bg_image_animation=&#8220;none&#8220;][vc_column column_padding=&#8220;no-extra-padding&#8220; column_padding_tablet=&#8220;inherit&#8220; column_padding_phone=&#8220;inherit&#8220; column_padding_position=&#8220;all&#8220; column_element_spacing=&#8220;default&#8220; background_color_opacity=&#8220;1&#8243; background_hover_color_opacity=&#8220;1&#8243; column_shadow=&#8220;none&#8220; column_border_radius=&#8220;none&#8220; column_link_target=&#8220;_self&#8220; column_position=&#8220;default&#8220; gradient_direction=&#8220;left_to_right&#8220; overlay_strength=&#8220;0.3&#8243; width=&#8220;1\/1&#8243; tablet_width_inherit=&#8220;default&#8220; tablet_text_alignment=&#8220;default&#8220; phone_text_alignment=&#8220;default&#8220; animation_type=&#8220;default&#8220; bg_image_animation=&#8220;none&#8220; border_type=&#8220;simple&#8220; column_border_width=&#8220;none&#8220; column_border_style=&#8220;solid&#8220;][vc_video link=&#8220;https:\/\/youtu.be\/OQj9lmvECr8&#8243;][vc_column_text]\n<h4>V-LINE EUROPE er\u00f6ffnet offiziell die neu umgebaute zweite Etage des HQ in Sehnde<\/h4>\n[\/vc_column_text][vc_column_text]Die offizielle Er\u00f6ffnung der neu umgebauten zweiten Etage in der V-LINE EUROPE-Zentrale in Sehnde erfolgte aus gegebenem Anlass mit einer digitalen Entdeckungstour f\u00fcr alle Mitarbeiter. Gesch\u00e4ftsf\u00fchrer von V-LINE EUROPE Tilman Mieseler, HR Manager Arne Hartmann und Teamleiter Christoph Lange, der bei der Beratung zum Umbau und der Einrichtung der neuen Etage entsprechend den Bed\u00fcrfnissen der Mitarbeiter dabei war, nahmen alle V-LINER mit auf den Rundgang durch die Etage und erl\u00e4uterten die Ver\u00e4nderungen und Vorteile, die sich daraus ergeben. Das helle und offene Konzept wurde so gestaltet, dass der L\u00e4rm reduziert und das Raumklima ausgeglichen wird. Aber das ist noch nicht alles: K\u00fchlpaneele, W\u00e4nde aus Moos, ein flexibles Arbeitskonzept und ergonomische Arbeitspl\u00e4tze auf der gesamten Etage geh\u00f6ren ebenso dazu wie Holzw\u00e4nde, der Innovationsbereich mit flexiblen M\u00f6beln und beschreibbaren W\u00e4nden, der neue Besprechungsraum und das Arbeitscaf\u00e9 mit Bildschirm. Die zweite Etage pr\u00e4sentiert sich in einem neuen und modernen Look.[\/vc_column_text][\/vc_column][\/vc_row]\n","protected":false},"excerpt":{"rendered":"<p>[vc_row type=&#8220;in_container&#8220; full_screen_row_position=&#8220;middle&#8220; column_margin=&#8220;default&#8220; column_direction=&#8220;default&#8220; column_direction_tablet=&#8220;default&#8220; column_direction_phone=&#8220;default&#8220; scene_position=&#8220;center&#8220; text_color=&#8220;dark&#8220; text_align=&#8220;left&#8220; row_border_radius=&#8220;none&#8220; row_border_radius_applies=&#8220;bg&#8220; overflow=&#8220;visible&#8220; overlay_strength=&#8220;0.3&#8243; gradient_direction=&#8220;left_to_right&#8220;&#8230;<\/p>\n","protected":false},"author":3,"featured_media":4927,"comment_status":"closed","ping_status":"closed","sticky":false,"template":"","format":"standard","meta":{"footnotes":""},"categories":[39,28],"tags":[],"class_list":{"0":"post-3301","1":"post","2":"type-post","3":"status-publish","4":"format-standard","5":"has-post-thumbnail","7":"category-historie","8":"category-news"},"_links":{"self":[{"href":"https:\/\/www.v-line.com\/de\/wp-json\/wp\/v2\/posts\/3301","targetHints":{"allow":["GET"]}}],"collection":[{"href":"https:\/\/www.v-line.com\/de\/wp-json\/wp\/v2\/posts"}],"about":[{"href":"https:\/\/www.v-line.com\/de\/wp-json\/wp\/v2\/types\/post"}],"author":[{"embeddable":true,"href":"https:\/\/www.v-line.com\/de\/wp-json\/wp\/v2\/users\/3"}],"replies":[{"embeddable":true,"href":"https:\/\/www.v-line.com\/de\/wp-json\/wp\/v2\/comments?post=3301"}],"version-history":[{"count":0,"href":"https:\/\/www.v-line.com\/de\/wp-json\/wp\/v2\/posts\/3301\/revisions"}],"wp:featuredmedia":[{"embeddable":true,"href":"https:\/\/www.v-line.com\/de\/wp-json\/wp\/v2\/media\/4927"}],"wp:attachment":[{"href":"https:\/\/www.v-line.com\/de\/wp-json\/wp\/v2\/media?parent=3301"}],"wp:term":[{"taxonomy":"category","embeddable":true,"href":"https:\/\/www.v-line.com\/de\/wp-json\/wp\/v2\/categories?post=3301"},{"taxonomy":"post_tag","embeddable":true,"href":"https:\/\/www.v-line.com\/de\/wp-json\/wp\/v2\/tags?post=3301"}],"curies":[{"name":"wp","href":"https:\/\/api.w.org\/{rel}","templated":true}]}}