{"id":9572,"date":"2023-02-01T16:48:56","date_gmt":"2023-02-01T14:48:56","guid":{"rendered":"https:\/\/www.v-line.com\/2023\/02\/01\/v-line-europe-uebernimmt-azubis\/"},"modified":"2023-02-01T16:53:56","modified_gmt":"2023-02-01T14:53:56","slug":"v-line-europe-uebernimmt-azubis","status":"publish","type":"post","link":"https:\/\/www.v-line.com\/de\/2023\/02\/01\/v-line-europe-uebernimmt-azubis\/","title":{"rendered":"V-LINE EUROPE \u00fcbernimmt Azubis"},"content":{"rendered":"[vc_row type=&#8220;in_container&#8220; full_screen_row_position=&#8220;middle&#8220; column_margin=&#8220;default&#8220; column_direction=&#8220;default&#8220; column_direction_tablet=&#8220;default&#8220; column_direction_phone=&#8220;default&#8220; scene_position=&#8220;center&#8220; text_color=&#8220;dark&#8220; text_align=&#8220;left&#8220; row_border_radius=&#8220;none&#8220; row_border_radius_applies=&#8220;bg&#8220; overflow=&#8220;visible&#8220; overlay_strength=&#8220;0.3&#8243; gradient_direction=&#8220;left_to_right&#8220; shape_divider_position=&#8220;bottom&#8220; bg_image_animation=&#8220;none&#8220;][vc_column column_padding=&#8220;no-extra-padding&#8220; column_padding_tablet=&#8220;inherit&#8220; column_padding_phone=&#8220;inherit&#8220; column_padding_position=&#8220;all&#8220; column_element_direction_desktop=&#8220;default&#8220; column_element_spacing=&#8220;default&#8220; desktop_text_alignment=&#8220;default&#8220; tablet_text_alignment=&#8220;default&#8220; phone_text_alignment=&#8220;default&#8220; background_color_opacity=&#8220;1&#8243; background_hover_color_opacity=&#8220;1&#8243; column_backdrop_filter=&#8220;none&#8220; column_shadow=&#8220;none&#8220; column_border_radius=&#8220;none&#8220; column_link_target=&#8220;_self&#8220; column_position=&#8220;default&#8220; gradient_direction=&#8220;left_to_right&#8220; overlay_strength=&#8220;0.3&#8243; width=&#8220;1\/1&#8243; tablet_width_inherit=&#8220;default&#8220; animation_type=&#8220;default&#8220; bg_image_animation=&#8220;none&#8220; border_type=&#8220;simple&#8220; column_border_width=&#8220;none&#8220; column_border_style=&#8220;solid&#8220;][image_with_animation image_url=&#8220;9569&#8243; image_size=&#8220;full&#8220; animation_type=&#8220;entrance&#8220; animation=&#8220;None&#8220; animation_movement_type=&#8220;transform_y&#8220; hover_animation=&#8220;none&#8220; alignment=&#8220;&#8220; border_radius=&#8220;none&#8220; box_shadow=&#8220;none&#8220; image_loading=&#8220;default&#8220; max_width=&#8220;100%&#8220; max_width_mobile=&#8220;default&#8220;][divider line_type=&#8220;No Line&#8220;][vc_column_text]\n<h3>Pr\u00fcfungen erfolgreich bestanden<\/h3>\n[\/vc_column_text][vc_column_text]Heute ist ein Tag zum Feiern: Ausbildungsleiterin und HR Generalist Isabelle Hutschenreuter, sowie Gesch\u00e4ftsf\u00fchrer Tilman Mieseler, gratulieren den kaufm\u00e4nnischen Azubis zum erfolgreichen Abschluss im Gro\u00df- und Au\u00dfenhandelsmanagement.<\/p>\n<p>V-LINE EUROPE ist international f\u00fchrender Dienstleister f\u00fcr die MRO-Ersatzteilbeschaffung mit Hauptsitz in Sehnde bei Hannover und besch\u00e4ftigt derzeit mehr als 150 Mitarbeiter vor Ort und rund 250 weltweit. Das Unternehmen h\u00e4lt auch dieses Jahr an seiner 100% \u00dcbernahmequote fest: mit den ehemaligen Azubis Armand Niemietz und Cedric Beck bleiben zwei wertvolle Mitarbeiter in der V-LINE Familie.\u00a0Isabelle Hutschenreuter begleitete die beiden Azubis auf ihrem Weg zum Abschluss und zieht heute ein positives Fazit: \u201eWir richten die Betreuung unserer Azubis nach dem Leitsatz \u201aUnser Ziel: Deine \u00dcbernahme\u2018 aus. Ich freue mich daher sehr, dass wir auch dieses Jahr beide in ein unbefristetes Arbeitsverh\u00e4ltnis \u00fcbernehmen konnten.\u201c<\/p>\n<p>V-LINE hat gro\u00dfes Vertrauen in das Potenzial und die F\u00e4higkeiten seiner Nachwuchskr\u00e4fte. Sie \u00fcbernehmen fr\u00fch Verantwortung und haben beispielsweise bei der eigenst\u00e4ndigen Betreuung des Instagram Kanals Freiraum f\u00fcr eigene Ideen und Gestaltungsm\u00f6glichkeiten. F\u00fcr die richtige R\u00fcckendeckung sorgen interne Ausbilder*innen, die den Azubis in jeder Abteilung mit Rat und Tat zur Seite stehen. Durch die Ausbildung bei V-LINE EUROPE sieht Tilman Mieseler die ausgelernten Azubis bestens aufgestellt: \u201eIch freue mich sehr, dass wir jedes Jahr aufs Neue junge Menschen f\u00fcr unser Unternehmen begeistern k\u00f6nnen. Durch unsere Ausbildung lernen die Azubis das Unternehmen sehr detailliert kennen und k\u00f6nnen sich in dieser Zeit ein gutes Netzwerk aufbauen. Beides bildet die ideale Grundlage f\u00fcr eine starke Zusammenarbeit.\u201c<\/p>\n<p>Auch Armand Niemietz hat der Teamspirit von Anfang an gut gefallen und bei V-LINE alles gefunden, was ihm f\u00fcr seine Ausbildung wichtig war: \u201eIch interessiere mich sehr f\u00fcr Wirtschaft und Handel und wollte gerne in einem internationalen Umfeld arbeiten. V-LINE bot mir die Zusatzausbildung zum Europakaufmann an, bei der ich in einem mehrw\u00f6chigen Auslandspraktikum meine Englischkenntnisse weiter vertiefen und in einem neuen kulturellen Umfeld meine Berufserfahrung ausbauen konnte.\u201c Sowohl Armand als auch sein Azubi Kollege Cedric Beck hatten durch die Corona Pandemie erschwerte Bedingungen w\u00e4hrend ihrer Ausbildung. Dennoch blickt Cedric zufrieden zur\u00fcck: \u201eMeine Ausbildung verlief trotz Pandemie sehr organisiert und gut strukturiert. Auch nach R\u00fccksprache mit anderen Azubis in der Berufsschule und studierenden Freunden, wurde schnell klar, dass V-LINE \u00fcberdurchschnittlich viel f\u00fcr seine Azubis tut. Der Zusammenhalt zwischen den V-LINE Azubis ist ebenfalls bemerkenswert \u2013 ich konnte w\u00e4hrend der Ausbildung neue Freunde finden.\u201c<\/p>\n<p>Nach 2,5-j\u00e4hriger Ausbildung machen Armand Niemietz und Cedric Beck den n\u00e4chsten Schritt auf der Karriereleiter: Sie arbeiten k\u00fcnftig als Sachbearbeiter im Ein- und Verkauf und betreuen ihre eigenen Kunden auf der ganzen Welt. V-LINE EUROPE ist auch dieses Jahr auf der Suche nach neuen Azubis, die Lust haben ihre Karriere bei V-LINE zu starten und gemeinsam mit dem Unternehmen zu wachsen. F\u00fcr den Ausbildungsbeginn im August 2023 gibt es noch freie Pl\u00e4tze.<\/p>\n<p>&nbsp;<\/p>\n<p><em>Bild: Gl\u00fcckliche Gesichter: Tilman Mieseler (links) und Isabelle Hutschenreuter (rechts) gratulieren Cedric Beck (Mitte links) und Armand Niemietz.\u00a0<\/em>[\/vc_column_text][\/vc_column][\/vc_row]\n","protected":false},"excerpt":{"rendered":"<p>[vc_row type=&#8220;in_container&#8220; full_screen_row_position=&#8220;middle&#8220; column_margin=&#8220;default&#8220; column_direction=&#8220;default&#8220; column_direction_tablet=&#8220;default&#8220; column_direction_phone=&#8220;default&#8220; scene_position=&#8220;center&#8220; text_color=&#8220;dark&#8220; text_align=&#8220;left&#8220; row_border_radius=&#8220;none&#8220; row_border_radius_applies=&#8220;bg&#8220; overflow=&#8220;visible&#8220; overlay_strength=&#8220;0.3&#8243; gradient_direction=&#8220;left_to_right&#8220;&#8230;<\/p>\n","protected":false},"author":3,"featured_media":9570,"comment_status":"closed","ping_status":"closed","sticky":false,"template":"","format":"standard","meta":{"footnotes":""},"categories":[28],"tags":[],"class_list":{"0":"post-9572","1":"post","2":"type-post","3":"status-publish","4":"format-standard","5":"has-post-thumbnail","7":"category-news"},"_links":{"self":[{"href":"https:\/\/www.v-line.com\/de\/wp-json\/wp\/v2\/posts\/9572","targetHints":{"allow":["GET"]}}],"collection":[{"href":"https:\/\/www.v-line.com\/de\/wp-json\/wp\/v2\/posts"}],"about":[{"href":"https:\/\/www.v-line.com\/de\/wp-json\/wp\/v2\/types\/post"}],"author":[{"embeddable":true,"href":"https:\/\/www.v-line.com\/de\/wp-json\/wp\/v2\/users\/3"}],"replies":[{"embeddable":true,"href":"https:\/\/www.v-line.com\/de\/wp-json\/wp\/v2\/comments?post=9572"}],"version-history":[{"count":2,"href":"https:\/\/www.v-line.com\/de\/wp-json\/wp\/v2\/posts\/9572\/revisions"}],"predecessor-version":[{"id":9574,"href":"https:\/\/www.v-line.com\/de\/wp-json\/wp\/v2\/posts\/9572\/revisions\/9574"}],"wp:featuredmedia":[{"embeddable":true,"href":"https:\/\/www.v-line.com\/de\/wp-json\/wp\/v2\/media\/9570"}],"wp:attachment":[{"href":"https:\/\/www.v-line.com\/de\/wp-json\/wp\/v2\/media?parent=9572"}],"wp:term":[{"taxonomy":"category","embeddable":true,"href":"https:\/\/www.v-line.com\/de\/wp-json\/wp\/v2\/categories?post=9572"},{"taxonomy":"post_tag","embeddable":true,"href":"https:\/\/www.v-line.com\/de\/wp-json\/wp\/v2\/tags?post=9572"}],"curies":[{"name":"wp","href":"https:\/\/api.w.org\/{rel}","templated":true}]}}